{"id":5748,"date":"2022-02-01T22:22:45","date_gmt":"2022-02-01T22:22:45","guid":{"rendered":"https:\/\/www.matildemarin.com\/gestion-y-ensenanza\/"},"modified":"2025-12-03T23:34:21","modified_gmt":"2025-12-03T23:34:21","slug":"gestion-y-ensenanza","status":"publish","type":"post","link":"https:\/\/www.matildemarin.com\/en\/gestion-y-ensenanza\/","title":{"rendered":"Curating &#038; Teaching"},"content":{"rendered":"<h3>2025<\/h3>\n<p>Closing conference at Jornadas Objeto Libro. National University of the Arts and Ampersand Publishing House, Buenos Aires, Argentina<\/p>\n<p>Curatorship Artist&#8217;s book. A possible collection. Lola Mora Museum of Fine Arts, Salta, Argentina<\/p>\n<p>Jury Lumina, video art and video poem, El Nacional newspaper, Paraguay<\/p>\n<p>Seminar Art in dialogue, between creation and management. Santa Cruz Cultural Center, Argentina<\/p>\n<h3>2024<\/h3>\n<p>Curator of Dobleces, la fragilidad del cuerpo, Paula Hacker, Pabell\u00f3n de Bellas Artes, UCA, Buenos Aires, Argentina<\/p>\n<p>Sara Facio Award Jury, Banco Provincia, Buenos Aires, Argentina<\/p>\n<p>Conference Noem\u00ed Gerstein: between matter and cosmos, a sculptural journey, Fondo Nacional de las Artes, Buenos Aires, Argentina<\/p>\n<p>Conference Albino Fernandez and the invention of the Buenos Aires Print Club, National Museum of Engraving, Buenos Aires, Argentina<\/p>\n<h3>2023<\/h3>\n<p>Curator of Nin\u00ed Bernardello: Drawing on the horizon, Museo Fueguino de Arte Nin\u00ed Bernardello, R\u00edo Grande, Tierra del Fuego.<\/p>\n<p>Award Jury, Manuel Belgrano 67th Plastic Arts Salon, S\u00edvori Museum, Buenos Aires, Argentina.<\/p>\n<p>Award Jury, Ledesma Visual Arts Award, Jujuy, Argentina<\/p>\n<p>CREAR COMUNIDAD, Donation Matilde Mar\u00edn and Nestor Goyanes, MUMBAT, Tandil, Argentina<\/p>\n<p>Pharus Project at the II International Congress of Art + Science \u201cLas aguas\u201d, Universidad Nacional de San Mart\u00edn, Buenos Aires, Argentina<\/p>\n<h3>2022<\/h3>\n<p class=\"p1\">President National Academy of Fine Arts, (period 2022\/2024) Buenos Aires, Argentina<\/p>\n<p class=\"p1\">Jury Konex Award 2022 for Visual Arts, Konex Foundation, Buenos Aires, Argentina<\/p>\n<h3>2021<\/h3>\n<p class=\"p1\">Engraving and its medium, Conversation with the artist Matilde Mar\u00edn, Fundaci\u00f3n Forner &#8211; Bigatti, Buenos Aires, Argentina [Virtual Meeting] (June 18, 2021)<\/p>\n<p class=\"p1\">On engraving and its derivations, Conversation with the visual artist Matilde Mar\u00edn, National University of Cuyo &#8211; FAD, Mendoza, Argentina [Virtual Meeting] (May 21, 2021)<\/p>\n<p class=\"p1\">Award Jury, National Hall of Visual Arts 2020\/2021, Buenos Aires, Argentina<\/p>\n<p class=\"p1\">Award Jury, Photography and Video Contest, Bunge y Born Foundation, Buenos Aires, Argentina<\/p>\n<p class=\"p1\">MATERIOTECA, Online discussion table, Moderator Agustina Rodr\u00edguez Romero, II International Meeting of Interdisciplinary Studies on modern and contemporary artistic materiality, Research Center on Art, Matter and Culture, IIAC-UNTREF, Buenos Aires, Argentina [Virtual Meeting] (10 and September 11, 2020)<\/p>\n<h3>2020<\/h3>\n<p class=\"p1\">Cycle of Videos and Reflections, Contemporary Apostilles to an Exhibition (Reflections on the exhibition In the Landscape, Curated by Diana Weschler), Mir\u00e1 MUNTREF, Museum of the National University of Tres de Febrero, Buenos Aires, Argentina (April 28 &#8211; 30, 2020)<\/p>\n<p><i><span lang=\"ES\">Fellow <\/span><\/i><span lang=\"ES\">of Institut d\u2019Etudes Avanc\u00e9es, Nantes, France<\/span><\/p>\n<h3>2019<\/h3>\n<p class=\"p1\">Vice President of the National Academy of Fine Arts and President of the Federico Jorge Klemm Foundation in Buenos Aires, Argentina<\/p>\n<h3>2018<\/h3>\n<p class=\"p1\"><i>The ideal map: The traveling artists<\/i>, Conference with Matilde Mar\u00edn, Museo Mar, Mar del Plata, Buenos Aires, Argentina (November 2, 2018)<\/p>\n<p class=\"p1\"><i>Big Projects \/ Intimate Projects<\/i>, Visual Arts Curatorship Seminar, Speaker Matilde Mar\u00edn, SAULA, Sala Futura, R\u00edo Gallegos, Argentina (September 26 and 29, 2018)<\/p>\n<p class=\"p1\"><i>Artist Books: The invention of a genre<\/i>, meeting with Matilde Mar\u00edn, Museo Fueguino de Arte (MFA), Tierra del Fuego, Argentina (September 6, 2018)<\/p>\n<p class=\"p1\"><i>Visual Itineraries,<\/i> meeting with Matilde Mar\u00edn, within the framework of the <i>Archaeologist of Herself <\/i>exhibition, OSDE Foundation, Tandil, Buenos Aires, Argentina (August 31, 2018)<\/p>\n<p class=\"p1\">Seminar on Art and Nature by Matilde Mar\u00edn, within the framework of the <i>Patagonia Sur Sur<\/i> Photography Festival, Museo Mar\u00edtimo Art Gallery, Tierra del Fuego, Argentina (August 4, 5, 6 and 7, 2018)<\/p>\n<p class=\"p1\">Co-curator with Pilar Altilio of the Patagonia Sur Sur Photography Festival, Museo Mar\u00edtimo Art Gallery, Tierra del Fuego, Argentina (August 3-7, 2018)<\/p>\n<h3>2017<\/h3>\n<p class=\"p1\">Conference with Matilde Mar\u00edn, in the framework of the presentation of the photographic project <i>When I sight the blue smoke of Ithaca<\/i>, Lima Photo, Lima, Peru (September 15, 2017)<\/p>\n<p class=\"p1\">Presentation of the catalog of the <i>Archaeologist of herself <\/i>exhibition, within the framework of the Archaeologist of herself exhibition OSDE Foundation, Buenos Aires, Argentina (July 21, 2017)<\/p>\n<p class=\"p1\">Award Jury, Alberto J. Trabucco Prize for Sculpture, National Academy of Fine Arts, Buenos Aires, Argentina<\/p>\n<h3>2016<\/h3>\n<p class=\"p1\"><i>Art and Nature III<\/i>, Projects in Salinas Grandes, Project management by Matilde Mar\u00edn, Museum of Contemporary Art &#8211; MAC, Salta, Argentina (November 4 and 5, 2016)<\/p>\n<p class=\"p1\">Artists + Critics: Mar\u00eda Teresa Constantin and Matilde Mar\u00edn, Fundaci\u00f3n PROA, Buenos Aires Argentina (October 1, 2016)<\/p>\n<p class=\"p1\">Work Clinic: In production, by Matilde Mar\u00edn, within the framework of the 4th Contemporary Graphic Conference, Provincial University of C\u00f3rdoba, C\u00f3rdoba, Argentina (May 5 and 6, 2016)<\/p>\n<h3>2015<\/h3>\n<p class=\"p1\">Co-curator with Beatr\u00edz Moreiro of the collective exhibition <i>The Great Shadow II: Artists from Corrientes, Chaco and Formosa, <\/i>Institute of Culture of Corrientes, Corrientes, Argentina<\/p>\n<p class=\"p1\">Participation in the Conference of the National Meeting of Engraving, MAR Museum, Mar del Plata, Buenos Aires, Argentina<\/p>\n<h3>2014<\/h3>\n<p class=\"p1\"><i>Art and Nature II<\/i>, Projects in Cerro Grande, Project management by Matilde Mar\u00edn Museum of Contemporary Art &#8211; MAC, Salta, Argentina (April 10 and 11, 2015)<\/p>\n<p class=\"p1\">Conversation on <i>The Artist&#8217;s Book: Matilde Mar\u00edn<\/i> together with Juan Canavesi, within the framework of the 3rd Conference on Contemporary Graphics 2014, Provincial University of C\u00f3rdoba, Argentina (May 7, 2016)<\/p>\n<h3>2012<\/h3>\n<p class=\"p1\">Professor of the<i> Art and Nature III<\/i> Seminar, Finis Terrae Art University of Santiago de Chile, Chile<\/p>\n<h3>2011<\/h3>\n<p class=\"p1\">Professor of the <i>Art and Nature<\/i> Seminar, Finis Terrae Art University of Santiago de Chile, Chile<\/p>\n<h3>2008 &#8211; present<\/h3>\n<p class=\"p1\">Academic of Number, National Academy of Fine Arts, Buenos Aires, Argentina<\/p>\n<h3>2006<\/h3>\n<p class=\"p1\">Artist&#8217;s Book Seminar, Catholic University of Santiago de Chile, Chile (November 13 and 17, 2006)<\/p>\n<h3>2003<\/h3>\n<p class=\"p1\">Professor of the <i>Variable Edition<\/i> Seminar, (Together with Teresa Gazit\u00faa), Finis Terrae Art University of Santiago de Chile, Chile<\/p>\n<h3>2002<\/h3>\n<p class=\"p1\">Professor of the <i>Artist&#8217;s Book<\/i> Seminar, (Together with Teresa Gazit\u00faa), Finis Terrae Art University of Santiago de Chile, Chile<\/p>\n<h3>2000<\/h3>\n<p class=\"p1\">Coordination of the traveling exhibition <i>Beliefs and Behaviors<\/i>. Latin American Art Program at New York University, New York, United States<\/p>\n<p class=\"p1\">Professor of the Seminar <i>The Engraved Object,<\/i> (Together with Teresa Gazit\u00faa), University of Art Finis Terrae of Santiago de Chile, Chile<\/p>\n<h3>1999<\/h3>\n<p class=\"p1\">Co-curator of the Latin American collective exhibition of <i>Artist&#8217;s Books<\/i>, Fundaci\u00f3n Telef\u00f3nica de Santiago de Chile, Chile<\/p>\n<p class=\"p1\">Organization of the encounter <i>The Question of Contemporary Graphics <\/i>&#8211; Rupture of Limits. Aimed at printmakers and art teachers, Buenos Aires, Argentina<\/p>\n<h3>1998<\/h3>\n<p class=\"p1\">Organization of the exhibition <i>Artist&#8217;s Books: A new genre,<\/i> Museum of Fine Arts Juan B. Castagnino, Rosario, Santa Fe, Argentina (September 4 &#8211; 30, 1998)<\/p>\n<p class=\"p1\">Organization of the <i>Artist&#8217;s Books <\/i>exhibition, National University of Art of Tucum\u00e1n, Engraving Workshop, Tucum\u00e1n, Argentina (September 11, 1998)<\/p>\n<p class=\"p1\">Organization in Buenos Aires of the first seminars on non-toxic and experimental techniques for updating engraving. Contemporary Graphic Workshop, Buenos Aires, Argentina<\/p>\n<h3>1997<\/h3>\n<p class=\"p1\">Professor of the Contemporary <i>Engraving Techniques<\/i> Seminar, Finis Terrae Art University of Santiago de Chile, Chile<\/p>\n<p class=\"p1\">Incorporation of images of her work in the study books used in printmaking courses at Musashino Art University, University of Tokyo, Tokyo, Japan<\/p>\n<p class=\"p1\">Organization of the Paper Mills exhibition at the Museum of Modern Art in Mendoza, Argentina<\/p>\n<p class=\"p1\">Participation in the Conference of the III Latin American Meeting of Visual Arts, Porto Alegre, Porto Alegre, Brazil<\/p>\n<p class=\"p1\">Lecture on the characteristics of the <i>Tamarindo <\/i>Workshop in New Mexico, USA and the <i>Nostra Am\u00e9rica international engraving exhibition (<\/i>events held during 1995 at the Museum of Engraving, Curitiba Cultural Foundation, Brazil), Caraffa Museum, C\u00f3rdoba, Argentina (June 6 from 1996)<\/p>\n<h3>1995<\/h3>\n<p class=\"p1\">Professor of the <i>O Livro do Artista<\/i> Seminar in the framework of the IX Porto Alegre City Art Festival, Porto Alegre, Brazil (July 03 &#8211; 14, 1995)<\/p>\n<h3>1994<\/h3>\n<p class=\"p1\">She teaches seminars for postgraduate and doctoral degrees at the University of Porto Alegre, Brazil; Art Schools of Puerto Rico; Quito, Ecuador and Curitiba, Brazil<\/p>\n<p class=\"p1\">She creates Gr\u00e1fica Contempor\u00e1nea, a center dedicated to contemporary graphics<\/p>\n<h3>1991<\/h3>\n<p class=\"p1\">Professor of the subject <i>Techniques<\/i> in the Faculty of Philosophy and Letters of the University of Buenos Aires in the History of Art chair, Buenos Aires, Argentina<\/p>\n<p class=\"p1\">Jury for teacher competitions and award jury in the National and private Halls in Argentina.<\/p>\n","protected":false},"excerpt":{"rendered":"","protected":false},"author":1,"featured_media":0,"comment_status":"closed","ping_status":"closed","sticky":false,"template":"","format":"standard","meta":{"footnotes":""},"categories":[10],"tags":[],"class_list":["post-5748","post","type-post","status-publish","format-standard","hentry","category-biography"],"_links":{"self":[{"href":"https:\/\/www.matildemarin.com\/en\/wp-json\/wp\/v2\/posts\/5748","targetHints":{"allow":["GET"]}}],"collection":[{"href":"https:\/\/www.matildemarin.com\/en\/wp-json\/wp\/v2\/posts"}],"about":[{"href":"https:\/\/www.matildemarin.com\/en\/wp-json\/wp\/v2\/types\/post"}],"author":[{"embeddable":true,"href":"https:\/\/www.matildemarin.com\/en\/wp-json\/wp\/v2\/users\/1"}],"replies":[{"embeddable":true,"href":"https:\/\/www.matildemarin.com\/en\/wp-json\/wp\/v2\/comments?post=5748"}],"version-history":[{"count":5,"href":"https:\/\/www.matildemarin.com\/en\/wp-json\/wp\/v2\/posts\/5748\/revisions"}],"predecessor-version":[{"id":6299,"href":"https:\/\/www.matildemarin.com\/en\/wp-json\/wp\/v2\/posts\/5748\/revisions\/6299"}],"wp:attachment":[{"href":"https:\/\/www.matildemarin.com\/en\/wp-json\/wp\/v2\/media?parent=5748"}],"wp:term":[{"taxonomy":"category","embeddable":true,"href":"https:\/\/www.matildemarin.com\/en\/wp-json\/wp\/v2\/categories?post=5748"},{"taxonomy":"post_tag","embeddable":true,"href":"https:\/\/www.matildemarin.com\/en\/wp-json\/wp\/v2\/tags?post=5748"}],"curies":[{"name":"wp","href":"https:\/\/api.w.org\/{rel}","templated":true}]}}